{"id":737,"date":"2025-10-07T10:48:06","date_gmt":"2025-10-07T09:48:06","guid":{"rendered":"https:\/\/krabat.se\/?p=737"},"modified":"2025-10-07T10:48:06","modified_gmt":"2025-10-07T09:48:06","slug":"fars-dag-present-fran-bebis","status":"publish","type":"post","link":"https:\/\/krabat.se\/en\/hogtider\/fars-dag-present-fran-bebis\/","title":{"rendered":"Fars dag present fr\u00e5n bebis"},"content":{"rendered":"<p>Att fira fars dag f\u00f6r f\u00f6rsta g\u00e5ngen \u00e4r en stund fylld av k\u00e4nslor och k\u00e4rlek. F\u00f6r en nybliven pappa handlar dagen inte om dyra presenter, utan om n\u00e4rhet och att f\u00e5 k\u00e4nna sig uppskattad. En <strong>fars dag present fr\u00e5n bebis<\/strong> \u00e4r d\u00e4rf\u00f6r n\u00e5got alldeles unikt \u2013 en symbol f\u00f6r ett nytt kapitel i livet d\u00e4r sm\u00e5 h\u00e4nder och stora k\u00e4nslor m\u00f6ts.<\/p>\n<h3>F\u00f6rsta fars dag \u2013 en dag att minnas<\/h3>\n<p>Den f\u00f6rsta fars dagen \u00e4r speciell eftersom den ofta sammanfaller med bebisens f\u00f6rsta m\u00e5nader i livet. Allt k\u00e4nns nytt, och just d\u00e4rf\u00f6r blir dagen extra minnesv\u00e4rd. En kopp kaffe p\u00e5 s\u00e4ngen, ett kort fr\u00e5n bebisen och en liten stund tillsammans kan betyda mer \u00e4n n\u00e5gon stor g\u00e5va.<\/p>\n<p>N\u00e4r man planerar en <strong>fars dag present fr\u00e5n bebis<\/strong> handlar det om att skapa minnen, inte om att k\u00f6pa n\u00e5got dyrt. En handavtryckstavla, ett fotavtryck i lera eller ett kort med ett foto p\u00e5 pappa och bebis tillsammans kan bli ov\u00e4rderliga minnen. Det \u00e4r de sm\u00e5 gesterna som betyder mest.<\/p>\n<h3>G\u00f6r en fars dag present sj\u00e4lv<\/h3>\n<p>M\u00e5nga vill skapa n\u00e5got personligt, och d\u00e5 \u00e4r en <strong>fars dag present g\u00f6ra sj\u00e4lv<\/strong> ett perfekt val. Det beh\u00f6ver inte vara komplicerat \u2013 det viktigaste \u00e4r att det finns omtanke bakom. Du kan till exempel g\u00f6ra en liten fotobok med bilder fr\u00e5n f\u00f6rsta tiden, ett kort med handavtryck eller ett inramat foto med texten \u201cPappas f\u00f6rsta fars dag\u201d.<\/p>\n<p>Andra fina id\u00e9er \u00e4r att skapa ett minnesset. L\u00e4gg ett foto, en liten h\u00e4lsning och kanske ett av barnets f\u00f6rsta kl\u00e4desplagg i en ask. M\u00e4rk den med datum och texten \u201cF\u00f6rsta fars dagen\u201d. Det blir en <strong>fars dag present DIY<\/strong> som v\u00e4xer i betydelse ju \u00e4ldre barnet blir.<\/p>\n<p>Vill du g\u00f6ra n\u00e5got roligt kan du \u00e4ven pyssla en kopp med texten \u201cSuperpappa sedan 2025\u201d eller ett armband d\u00e4r du skriver barnets namn. En <strong>fars dag present att g\u00f6ra sj\u00e4lv<\/strong> \u00e4r b\u00e5de rolig att skapa och vacker att ge bort.<\/p>\n<h3>En fars dag present DIY som blir ett minne<\/h3>\n<p>Hand- och fotavtryck \u00e4r klassiska presenter som aldrig g\u00e5r ur tiden. De f\u00e5ngar ett \u00f6gonblick som inte g\u00e5r att f\u00e5 tillbaka och blir ett fint s\u00e4tt att bevara minnet av bebistiden. Anv\u00e4nd giftfri f\u00e4rg och l\u00e5t barnet \u201cm\u00e5la\u201d sitt eget avtryck p\u00e5 ett papper.<\/p>\n<p>N\u00e4r du l\u00e4gger till datum och kanske en liten text blir det en perfekt <strong>fars dag present DIY<\/strong> \u2013 enkel, personlig och fylld av k\u00e4rlek. Du kan \u00e4ven rama in konstverket f\u00f6r att skapa n\u00e5got som h\u00e5ller i m\u00e5nga \u00e5r fram\u00f6ver.<\/p>\n<p>F\u00f6r de som vill vara extra kreativa g\u00e5r det att skriva en liten dikt eller h\u00e4lsning \u201cfr\u00e5n bebisen\u201d under avtrycket. Exempelvis:<\/p>\n<blockquote><p>\u201cJag \u00e4r liten, men jag vet,<br \/>\nvem som b\u00e4r mig n\u00e4r jag gr\u00e5tit l\u00e4tt.<br \/>\nJag \u00e4r liten, men jag k\u00e4nner s\u00e5 v\u00e4l,<br \/>\nvem som \u00e4lskar mig mest i v\u00e4rlden hel.\u201d<\/p><\/blockquote>\n<p>En s\u00e5dan h\u00e4lsning g\u00f6r g\u00e5van \u00e4nnu mer personlig och blir en <strong>fars dag present fr\u00e5n bebis<\/strong> som b\u00e5de r\u00f6r och gl\u00e4djer.<\/p>\n<h3>Tid \u2013 den finaste g\u00e5van av alla<\/h3>\n<p>F\u00f6r m\u00e5nga nyblivna pappor \u00e4r tid den allra st\u00f6rsta g\u00e5van. Att f\u00e5 en lugn stund tillsammans med sitt barn, ta en promenad eller bara vila bredvid varandra betyder ofta mer \u00e4n n\u00e5got man kan k\u00f6pa.<\/p>\n<p>Du kan skapa en symbolisk <strong>fars dag present fr\u00e5n bebis<\/strong> genom att ge \u201cpresentkort\u201d p\u00e5 tid. Skriv till exempel \u201cEn helgdag med bara mys\u201d eller \u201cEtt kv\u00e4llsbad med pappa\u201d p\u00e5 sm\u00e5 kort och l\u00e4gg dem i en burk. Enkelt, men fullt av v\u00e4rme.<\/p>\n<p>Om du som partner vill bidra kan du ocks\u00e5 ge honom en stunds egentid. En extra sovmorgon, en lugn kopp kaffe eller bara n\u00e5gra minuter d\u00e4r han f\u00e5r andas ut kan vara en g\u00e5va som betyder mer \u00e4n ord.<\/p>\n<h3>Fars dag \u2013 en ny tradition i familjen<\/h3>\n<p>Att skapa en egen tradition kring fars dag g\u00f6r dagen extra speciell. Kanske tar ni ett foto varje \u00e5r, g\u00f6r en ny tavla tillsammans eller skriver ett kort d\u00e4r ni ber\u00e4ttar n\u00e5got fint om \u00e5ret som g\u00e5tt. Det blir en familjetradition som v\u00e4xer i betydelse med tiden.<\/p>\n<p>En <strong>fars dag present fr\u00e5n bebis<\/strong> beh\u00f6ver inte vara perfekt. Den f\u00e5r g\u00e4rna vara kladdig, sned eller lite oplanerad \u2013 just det g\u00f6r den \u00e4kta. N\u00e4r barnet blir \u00e4ldre kommer det vara en fin ber\u00e4ttelse att dela.<\/p>\n<p>Fars dag \u00e4r inte till f\u00f6r att imponera, utan f\u00f6r att minnas. En enkel teckning, en kram eller en skrattstund tillsammans \u00e4r ofta allt som beh\u00f6vs. Det \u00e4r stunderna, inte sakerna, som lever kvar i hj\u00e4rtat.<\/p>\n<h3>En fars dag present fylld av k\u00e4rlek<\/h3>\n<p>N\u00e4r man t\u00e4nker p\u00e5 en <strong>fars dag present fr\u00e5n bebis<\/strong> handlar det i grunden om att s\u00e4ga tack \u2013 f\u00f6r allt det pappa g\u00f6r, f\u00f6r tryggheten han ger och f\u00f6r den k\u00e4rlek han visar varje dag.<\/p>\n<p>Genom att skapa n\u00e5got eget, en <strong>fars dag present DIY<\/strong>, visar du att omtanke \u00e4r viktigare \u00e4n allt annat. Den f\u00f6rsta fars dagen markerar b\u00f6rjan p\u00e5 en ny resa \u2013 en familj, ett band, en framtid.<\/p>\n<p>S\u00e5 oavsett om du v\u00e4ljer att ge ett handavtryck, ett kort, en bild eller bara en extra l\u00e5ng kram, vet att det du skapar den h\u00e4r dagen kommer bli ett minne f\u00f6r livet.<\/p>\n<h3>Tips p\u00e5 fars dag presenter<\/h3>\n<p>Att hitta den perfekta fars dag-presenten handlar inte om priset, utan om omtanken bakom. En genomt\u00e4nkt g\u00e5va s\u00e4ger mer \u00e4n tusen ord \u2013 och oavsett om du vill ge n\u00e5got personligt, roligt eller praktiskt finns det massor av fina id\u00e9er att v\u00e4lja bland. H\u00e4r kommer inspiration till b\u00e5de stora och sm\u00e5 gester som g\u00f6r pappa glad p\u00e5 sin dag.<\/p>\n<h3>Personliga fars dag presenter<\/h3>\n<ol>\n<li><strong>Ett handskrivet brev eller kort<\/strong> \u2013 skriv n\u00e5gra rader om varf\u00f6r du uppskattar honom. En enkel men otroligt meningsfull present.<\/li>\n<li><strong>En fotobok med minnen<\/strong> \u2013 samla bilder fr\u00e5n familjens resor, vardag och speciella \u00f6gonblick.<\/li>\n<li><strong>Ett handavtryck fr\u00e5n barnet<\/strong> \u2013 perfekt f\u00f6r sm\u00e5barnsfamiljer, en klassisk <strong>fars dag present fr\u00e5n bebis<\/strong>.<\/li>\n<li><strong>En t-shirt eller mugg med personlig text<\/strong> \u2013 till exempel \u201cV\u00e4rldens b\u00e4sta pappa\u201d eller ett internt familjesk\u00e4mt.<\/li>\n<li><strong>En tavla med familjens namn eller citat<\/strong> \u2013 enkel att skapa som <strong>fars dag present DIY<\/strong>.<\/li>\n<\/ol>\n<h3>Fars dag presenter att g\u00f6ra sj\u00e4lv<\/h3>\n<ol>\n<li><strong>En burk med \u201cpappas sm\u00e5 lyckor\u201d<\/strong> \u2013 fyll den med lappar d\u00e4r familjen skrivit saker de \u00e4lskar hos honom.<\/li>\n<li><strong>En hemmagjord frukostbricka<\/strong> \u2013 med nybakat br\u00f6d, kaffe och kanske en lapp med barnets handavtryck.<\/li>\n<li><strong>Ett presentkort p\u00e5 tid<\/strong> \u2013 ge honom \u201cen dag utan m\u00e5sten\u201d eller \u201cen filmkv\u00e4ll med hela familjen\u201d.<\/li>\n<li><strong>En fotokalender<\/strong> \u2013 g\u00f6r en egen kalender med bilder fr\u00e5n familje\u00e5ret, en perfekt <strong>fars dag present g\u00f6ra sj\u00e4lv<\/strong>.<\/li>\n<li><strong>En lerfigur eller nyckelring<\/strong> \u2013 pyssla tillsammans med barnen f\u00f6r att skapa n\u00e5got helt unikt.<\/li>\n<\/ol>\n<h3>Praktiska presenter som alltid fungerar<\/h3>\n<ol>\n<li><strong>En mjuk morgonrock<\/strong> \u2013 klassisk, varm och alltid uppskattad.<\/li>\n<li><strong>En termosmugg eller vattenflaska<\/strong> \u2013 perfekt f\u00f6r den som pendlar eller jobbar utomhus.<\/li>\n<li><strong>Ett verktyg eller grilltillbeh\u00f6r<\/strong> \u2013 f\u00f6r pappor som gillar att fixa, bygga eller grilla.<\/li>\n<li><strong>En ny pl\u00e5nbok eller klocka<\/strong> \u2013 stilrent, anv\u00e4ndbart och tidl\u00f6st.<\/li>\n<li><strong>En massage eller spa-behandling<\/strong> \u2013 en stund av avkoppling som m\u00e5nga pappor s\u00e4llan unnar sig sj\u00e4lva.<\/li>\n<\/ol>\n<h3>Upplevelser som fars dag present<\/h3>\n<ol>\n<li><strong>En middag p\u00e5 favoritrestaurangen<\/strong> \u2013 enkel att planera och alltid uppskattad.<\/li>\n<li><strong>En vin- eller \u00f6lprovning<\/strong> \u2013 f\u00f6r den som tycker om att testa nya smaker.<\/li>\n<li><strong>Ett \u00e4ventyr tillsammans<\/strong> \u2013 fiske, minigolf, gokart, bio eller bara en l\u00e5ngpromenad med fika.<\/li>\n<li><strong>En familjedag utan telefoner<\/strong> \u2013 en symbolisk men v\u00e4rdefull g\u00e5va i dagens hektiska vardag.<\/li>\n<li><strong>En weekendresa<\/strong> \u2013 det beh\u00f6ver inte vara l\u00e5ngt bort, bara tid tillsammans.<\/li>\n<\/ol>\n<h3>Kreativa fars dag presenter<\/h3>\n<ol>\n<li><strong>Ett familjeportr\u00e4tt i tecknad stil<\/strong> \u2013 personligt och roligt att rama in.<\/li>\n<li><strong>En film eller bildspel<\/strong> \u2013 samla sm\u00e5 videoh\u00e4lsningar fr\u00e5n barnen.<\/li>\n<li><strong>Ett \u201cpappakit\u201d<\/strong> \u2013 fyll en l\u00e5da med sm\u00e5saker som kaffe, choklad, strumpor och en tidning.<\/li>\n<li><strong>En egen dikt eller s\u00e5ng<\/strong> \u2013 f\u00f6r dig som vill ge n\u00e5got unikt och k\u00e4nslosamt.<\/li>\n<li><strong>Ett minnesalbum<\/strong> \u2013 med barnens teckningar, bilder och sm\u00e5 anteckningar om pappa.<\/li>\n<\/ol>\n<h3>Fars dag present fr\u00e5n bebis<\/h3>\n<p>F\u00f6r den nyblivne pappan betyder sm\u00e5 gester allt. En <strong>fars dag present fr\u00e5n bebis<\/strong> kan vara en inramad bild, ett avtryck av sm\u00e5 h\u00e4nder eller en liten dikt fr\u00e5n \u201cbarnet\u201d. Det viktigaste \u00e4r att det kommer fr\u00e5n hj\u00e4rtat \u2013 en minnesg\u00e5va som han kan spara och titta p\u00e5 n\u00e4r barnet blir \u00e4ldre.<\/p>","protected":false},"excerpt":{"rendered":"<p>Att fira fars dag f\u00f6r f\u00f6rsta g\u00e5ngen \u00e4r en stund fylld av k\u00e4nslor och k\u00e4rlek. F\u00f6r en nybliven pappa handlar dagen inte om dyra presenter, utan om n\u00e4rhet och att f\u00e5\u2026<\/p>","protected":false},"author":3,"featured_media":738,"comment_status":"closed","ping_status":"open","sticky":false,"template":"","format":"standard","meta":{"footnotes":""},"categories":[98],"tags":[101,87],"class_list":["post-737","post","type-post","status-publish","format-standard","has-post-thumbnail","hentry","category-hogtider","tag-fars-dag","tag-present"],"yoast_head":"<!-- This site is optimized with the Yoast SEO plugin v26.7 - https:\/\/yoast.com\/wordpress\/plugins\/seo\/ -->\n<title>Fars dag present fr\u00e5n bebis - Krabat<\/title>\n<meta name=\"description\" content=\"Fira den f\u00f6rsta fars dag med k\u00e4rlek. H\u00e4r f\u00e5r du tips p\u00e5 personlig fars dag present fr\u00e5n bebis, id\u00e9er att g\u00f6ra sj\u00e4lv och enkla DIY-pyssel f\u00f6r pappa.\" \/>\n<meta name=\"robots\" content=\"index, follow, max-snippet:-1, max-image-preview:large, max-video-preview:-1\" \/>\n<link rel=\"canonical\" href=\"https:\/\/krabat.se\/en\/hogtider\/fars-dag-present-fran-bebis\/\" \/>\n<meta property=\"og:locale\" content=\"en_US\" \/>\n<meta property=\"og:type\" content=\"article\" \/>\n<meta property=\"og:title\" content=\"Fars dag present fr\u00e5n bebis - Krabat\" \/>\n<meta property=\"og:description\" content=\"Fira den f\u00f6rsta fars dag med k\u00e4rlek. H\u00e4r f\u00e5r du tips p\u00e5 personlig fars dag present fr\u00e5n bebis, id\u00e9er att g\u00f6ra sj\u00e4lv och enkla DIY-pyssel f\u00f6r pappa.\" \/>\n<meta property=\"og:url\" content=\"https:\/\/krabat.se\/en\/hogtider\/fars-dag-present-fran-bebis\/\" \/>\n<meta property=\"og:site_name\" content=\"Krabat\" \/>\n<meta property=\"article:published_time\" content=\"2025-10-07T09:48:06+00:00\" \/>\n<meta property=\"og:image\" content=\"https:\/\/krabat.se\/wp-content\/uploads\/2025\/10\/fars-dag.webp\" \/>\n\t<meta property=\"og:image:width\" content=\"1200\" \/>\n\t<meta property=\"og:image:height\" content=\"800\" \/>\n\t<meta property=\"og:image:type\" content=\"image\/webp\" \/>\n<meta name=\"author\" content=\"Annika Wigforss\" \/>\n<meta name=\"twitter:card\" content=\"summary_large_image\" \/>\n<meta name=\"twitter:label1\" content=\"Written by\" \/>\n\t<meta name=\"twitter:data1\" content=\"Annika Wigforss\" \/>\n\t<meta name=\"twitter:label2\" content=\"Est. reading time\" \/>\n\t<meta name=\"twitter:data2\" content=\"7 minutes\" \/>\n<script type=\"application\/ld+json\" class=\"yoast-schema-graph\">{\"@context\":\"https:\/\/schema.org\",\"@graph\":[{\"@type\":\"Article\",\"@id\":\"https:\/\/krabat.se\/hogtider\/fars-dag-present-fran-bebis\/#article\",\"isPartOf\":{\"@id\":\"https:\/\/krabat.se\/hogtider\/fars-dag-present-fran-bebis\/\"},\"author\":{\"name\":\"Annika Wigforss\",\"@id\":\"https:\/\/krabat.se\/#\/schema\/person\/547af2d9e3e649b0f7e6c6fceda9a211\"},\"headline\":\"Fars dag present fr\u00e5n bebis\",\"datePublished\":\"2025-10-07T09:48:06+00:00\",\"mainEntityOfPage\":{\"@id\":\"https:\/\/krabat.se\/hogtider\/fars-dag-present-fran-bebis\/\"},\"wordCount\":1529,\"publisher\":{\"@id\":\"https:\/\/krabat.se\/#organization\"},\"image\":{\"@id\":\"https:\/\/krabat.se\/hogtider\/fars-dag-present-fran-bebis\/#primaryimage\"},\"thumbnailUrl\":\"https:\/\/krabat.se\/wp-content\/uploads\/2025\/10\/fars-dag.webp\",\"keywords\":[\"fars dag\",\"Present\"],\"articleSection\":[\"H\u00f6gtider\"],\"inLanguage\":\"en-US\"},{\"@type\":\"WebPage\",\"@id\":\"https:\/\/krabat.se\/hogtider\/fars-dag-present-fran-bebis\/\",\"url\":\"https:\/\/krabat.se\/hogtider\/fars-dag-present-fran-bebis\/\",\"name\":\"Fars dag present fr\u00e5n bebis - Krabat\",\"isPartOf\":{\"@id\":\"https:\/\/krabat.se\/#website\"},\"primaryImageOfPage\":{\"@id\":\"https:\/\/krabat.se\/hogtider\/fars-dag-present-fran-bebis\/#primaryimage\"},\"image\":{\"@id\":\"https:\/\/krabat.se\/hogtider\/fars-dag-present-fran-bebis\/#primaryimage\"},\"thumbnailUrl\":\"https:\/\/krabat.se\/wp-content\/uploads\/2025\/10\/fars-dag.webp\",\"datePublished\":\"2025-10-07T09:48:06+00:00\",\"description\":\"Fira den f\u00f6rsta fars dag med k\u00e4rlek. H\u00e4r f\u00e5r du tips p\u00e5 personlig fars dag present fr\u00e5n bebis, id\u00e9er att g\u00f6ra sj\u00e4lv och enkla DIY-pyssel f\u00f6r pappa.\",\"breadcrumb\":{\"@id\":\"https:\/\/krabat.se\/hogtider\/fars-dag-present-fran-bebis\/#breadcrumb\"},\"inLanguage\":\"en-US\",\"potentialAction\":[{\"@type\":\"ReadAction\",\"target\":[\"https:\/\/krabat.se\/hogtider\/fars-dag-present-fran-bebis\/\"]}]},{\"@type\":\"ImageObject\",\"inLanguage\":\"en-US\",\"@id\":\"https:\/\/krabat.se\/hogtider\/fars-dag-present-fran-bebis\/#primaryimage\",\"url\":\"https:\/\/krabat.se\/wp-content\/uploads\/2025\/10\/fars-dag.webp\",\"contentUrl\":\"https:\/\/krabat.se\/wp-content\/uploads\/2025\/10\/fars-dag.webp\",\"width\":1200,\"height\":800,\"caption\":\"fars dag present fr\u00e5n bebis\"},{\"@type\":\"BreadcrumbList\",\"@id\":\"https:\/\/krabat.se\/hogtider\/fars-dag-present-fran-bebis\/#breadcrumb\",\"itemListElement\":[{\"@type\":\"ListItem\",\"position\":1,\"name\":\"Hem\",\"item\":\"https:\/\/krabat.se\/\"},{\"@type\":\"ListItem\",\"position\":2,\"name\":\"Fars dag present fr\u00e5n bebis\"}]},{\"@type\":\"WebSite\",\"@id\":\"https:\/\/krabat.se\/#website\",\"url\":\"https:\/\/krabat.se\/\",\"name\":\"Krabat\",\"description\":\"Krabat \u2013 d\u00e4r leken b\u00f6rjar och fantasin tar vid\",\"publisher\":{\"@id\":\"https:\/\/krabat.se\/#organization\"},\"potentialAction\":[{\"@type\":\"SearchAction\",\"target\":{\"@type\":\"EntryPoint\",\"urlTemplate\":\"https:\/\/krabat.se\/?s={search_term_string}\"},\"query-input\":{\"@type\":\"PropertyValueSpecification\",\"valueRequired\":true,\"valueName\":\"search_term_string\"}}],\"inLanguage\":\"en-US\"},{\"@type\":\"Organization\",\"@id\":\"https:\/\/krabat.se\/#organization\",\"name\":\"Krabat\",\"url\":\"https:\/\/krabat.se\/\",\"logo\":{\"@type\":\"ImageObject\",\"inLanguage\":\"en-US\",\"@id\":\"https:\/\/krabat.se\/#\/schema\/logo\/image\/\",\"url\":\"https:\/\/krabat.se\/wp-content\/uploads\/2025\/09\/Krabat_logga_new-e1770977786364.webp\",\"contentUrl\":\"https:\/\/krabat.se\/wp-content\/uploads\/2025\/09\/Krabat_logga_new-e1770977786364.webp\",\"width\":400,\"height\":102,\"caption\":\"Krabat\"},\"image\":{\"@id\":\"https:\/\/krabat.se\/#\/schema\/logo\/image\/\"}},{\"@type\":\"Person\",\"@id\":\"https:\/\/krabat.se\/#\/schema\/person\/547af2d9e3e649b0f7e6c6fceda9a211\",\"name\":\"Annika Wigforss\",\"image\":{\"@type\":\"ImageObject\",\"inLanguage\":\"en-US\",\"@id\":\"https:\/\/krabat.se\/#\/schema\/person\/image\/\",\"url\":\"https:\/\/secure.gravatar.com\/avatar\/dfecc89c00cfde6df05b19b15ef88d131933de4296be438a3186e45c391481a0?s=96&d=monsterid&r=g\",\"contentUrl\":\"https:\/\/secure.gravatar.com\/avatar\/dfecc89c00cfde6df05b19b15ef88d131933de4296be438a3186e45c391481a0?s=96&d=monsterid&r=g\",\"caption\":\"Annika Wigforss\"},\"url\":\"https:\/\/krabat.se\/en\/author\/annika\/\"}]}<\/script>\n<!-- \/ Yoast SEO plugin. -->","yoast_head_json":{"title":"Fars dag present fr\u00e5n bebis - Krabat","description":"Fira den f\u00f6rsta fars dag med k\u00e4rlek. H\u00e4r f\u00e5r du tips p\u00e5 personlig fars dag present fr\u00e5n bebis, id\u00e9er att g\u00f6ra sj\u00e4lv och enkla DIY-pyssel f\u00f6r pappa.","robots":{"index":"index","follow":"follow","max-snippet":"max-snippet:-1","max-image-preview":"max-image-preview:large","max-video-preview":"max-video-preview:-1"},"canonical":"https:\/\/krabat.se\/en\/hogtider\/fars-dag-present-fran-bebis\/","og_locale":"en_US","og_type":"article","og_title":"Fars dag present fr\u00e5n bebis - Krabat","og_description":"Fira den f\u00f6rsta fars dag med k\u00e4rlek. H\u00e4r f\u00e5r du tips p\u00e5 personlig fars dag present fr\u00e5n bebis, id\u00e9er att g\u00f6ra sj\u00e4lv och enkla DIY-pyssel f\u00f6r pappa.","og_url":"https:\/\/krabat.se\/en\/hogtider\/fars-dag-present-fran-bebis\/","og_site_name":"Krabat","article_published_time":"2025-10-07T09:48:06+00:00","og_image":[{"width":1200,"height":800,"url":"https:\/\/krabat.se\/wp-content\/uploads\/2025\/10\/fars-dag.webp","type":"image\/webp"}],"author":"Annika Wigforss","twitter_card":"summary_large_image","twitter_misc":{"Written by":"Annika Wigforss","Est. reading time":"7 minutes"},"schema":{"@context":"https:\/\/schema.org","@graph":[{"@type":"Article","@id":"https:\/\/krabat.se\/hogtider\/fars-dag-present-fran-bebis\/#article","isPartOf":{"@id":"https:\/\/krabat.se\/hogtider\/fars-dag-present-fran-bebis\/"},"author":{"name":"Annika Wigforss","@id":"https:\/\/krabat.se\/#\/schema\/person\/547af2d9e3e649b0f7e6c6fceda9a211"},"headline":"Fars dag present fr\u00e5n bebis","datePublished":"2025-10-07T09:48:06+00:00","mainEntityOfPage":{"@id":"https:\/\/krabat.se\/hogtider\/fars-dag-present-fran-bebis\/"},"wordCount":1529,"publisher":{"@id":"https:\/\/krabat.se\/#organization"},"image":{"@id":"https:\/\/krabat.se\/hogtider\/fars-dag-present-fran-bebis\/#primaryimage"},"thumbnailUrl":"https:\/\/krabat.se\/wp-content\/uploads\/2025\/10\/fars-dag.webp","keywords":["fars dag","Present"],"articleSection":["H\u00f6gtider"],"inLanguage":"en-US"},{"@type":"WebPage","@id":"https:\/\/krabat.se\/hogtider\/fars-dag-present-fran-bebis\/","url":"https:\/\/krabat.se\/hogtider\/fars-dag-present-fran-bebis\/","name":"Fars dag present fr\u00e5n bebis - Krabat","isPartOf":{"@id":"https:\/\/krabat.se\/#website"},"primaryImageOfPage":{"@id":"https:\/\/krabat.se\/hogtider\/fars-dag-present-fran-bebis\/#primaryimage"},"image":{"@id":"https:\/\/krabat.se\/hogtider\/fars-dag-present-fran-bebis\/#primaryimage"},"thumbnailUrl":"https:\/\/krabat.se\/wp-content\/uploads\/2025\/10\/fars-dag.webp","datePublished":"2025-10-07T09:48:06+00:00","description":"Fira den f\u00f6rsta fars dag med k\u00e4rlek. H\u00e4r f\u00e5r du tips p\u00e5 personlig fars dag present fr\u00e5n bebis, id\u00e9er att g\u00f6ra sj\u00e4lv och enkla DIY-pyssel f\u00f6r pappa.","breadcrumb":{"@id":"https:\/\/krabat.se\/hogtider\/fars-dag-present-fran-bebis\/#breadcrumb"},"inLanguage":"en-US","potentialAction":[{"@type":"ReadAction","target":["https:\/\/krabat.se\/hogtider\/fars-dag-present-fran-bebis\/"]}]},{"@type":"ImageObject","inLanguage":"en-US","@id":"https:\/\/krabat.se\/hogtider\/fars-dag-present-fran-bebis\/#primaryimage","url":"https:\/\/krabat.se\/wp-content\/uploads\/2025\/10\/fars-dag.webp","contentUrl":"https:\/\/krabat.se\/wp-content\/uploads\/2025\/10\/fars-dag.webp","width":1200,"height":800,"caption":"fars dag present fr\u00e5n bebis"},{"@type":"BreadcrumbList","@id":"https:\/\/krabat.se\/hogtider\/fars-dag-present-fran-bebis\/#breadcrumb","itemListElement":[{"@type":"ListItem","position":1,"name":"Hem","item":"https:\/\/krabat.se\/"},{"@type":"ListItem","position":2,"name":"Fars dag present fr\u00e5n bebis"}]},{"@type":"WebSite","@id":"https:\/\/krabat.se\/#website","url":"https:\/\/krabat.se\/","name":"Krabat","description":"Krabat \u2013 d\u00e4r leken b\u00f6rjar och fantasin tar vid","publisher":{"@id":"https:\/\/krabat.se\/#organization"},"potentialAction":[{"@type":"SearchAction","target":{"@type":"EntryPoint","urlTemplate":"https:\/\/krabat.se\/?s={search_term_string}"},"query-input":{"@type":"PropertyValueSpecification","valueRequired":true,"valueName":"search_term_string"}}],"inLanguage":"en-US"},{"@type":"Organization","@id":"https:\/\/krabat.se\/#organization","name":"Krabat","url":"https:\/\/krabat.se\/","logo":{"@type":"ImageObject","inLanguage":"en-US","@id":"https:\/\/krabat.se\/#\/schema\/logo\/image\/","url":"https:\/\/krabat.se\/wp-content\/uploads\/2025\/09\/Krabat_logga_new-e1770977786364.webp","contentUrl":"https:\/\/krabat.se\/wp-content\/uploads\/2025\/09\/Krabat_logga_new-e1770977786364.webp","width":400,"height":102,"caption":"Krabat"},"image":{"@id":"https:\/\/krabat.se\/#\/schema\/logo\/image\/"}},{"@type":"Person","@id":"https:\/\/krabat.se\/#\/schema\/person\/547af2d9e3e649b0f7e6c6fceda9a211","name":"Annika Wigforss","image":{"@type":"ImageObject","inLanguage":"en-US","@id":"https:\/\/krabat.se\/#\/schema\/person\/image\/","url":"https:\/\/secure.gravatar.com\/avatar\/dfecc89c00cfde6df05b19b15ef88d131933de4296be438a3186e45c391481a0?s=96&d=monsterid&r=g","contentUrl":"https:\/\/secure.gravatar.com\/avatar\/dfecc89c00cfde6df05b19b15ef88d131933de4296be438a3186e45c391481a0?s=96&d=monsterid&r=g","caption":"Annika Wigforss"},"url":"https:\/\/krabat.se\/en\/author\/annika\/"}]}},"_links":{"self":[{"href":"https:\/\/krabat.se\/en\/wp-json\/wp\/v2\/posts\/737","targetHints":{"allow":["GET"]}}],"collection":[{"href":"https:\/\/krabat.se\/en\/wp-json\/wp\/v2\/posts"}],"about":[{"href":"https:\/\/krabat.se\/en\/wp-json\/wp\/v2\/types\/post"}],"author":[{"embeddable":true,"href":"https:\/\/krabat.se\/en\/wp-json\/wp\/v2\/users\/3"}],"replies":[{"embeddable":true,"href":"https:\/\/krabat.se\/en\/wp-json\/wp\/v2\/comments?post=737"}],"version-history":[{"count":1,"href":"https:\/\/krabat.se\/en\/wp-json\/wp\/v2\/posts\/737\/revisions"}],"predecessor-version":[{"id":739,"href":"https:\/\/krabat.se\/en\/wp-json\/wp\/v2\/posts\/737\/revisions\/739"}],"wp:featuredmedia":[{"embeddable":true,"href":"https:\/\/krabat.se\/en\/wp-json\/wp\/v2\/media\/738"}],"wp:attachment":[{"href":"https:\/\/krabat.se\/en\/wp-json\/wp\/v2\/media?parent=737"}],"wp:term":[{"taxonomy":"category","embeddable":true,"href":"https:\/\/krabat.se\/en\/wp-json\/wp\/v2\/categories?post=737"},{"taxonomy":"post_tag","embeddable":true,"href":"https:\/\/krabat.se\/en\/wp-json\/wp\/v2\/tags?post=737"}],"curies":[{"name":"wp","href":"https:\/\/api.w.org\/{rel}","templated":true}]}}