{"id":465,"date":"2025-09-17T11:13:39","date_gmt":"2025-09-17T10:13:39","guid":{"rendered":"https:\/\/krabat.se\/?p=465"},"modified":"2025-09-17T15:16:53","modified_gmt":"2025-09-17T14:16:53","slug":"skuggorna-i-skolan","status":"publish","type":"post","link":"https:\/\/krabat.se\/en\/halloween\/spokhistorier\/skuggorna-i-skolan\/","title":{"rendered":"Skuggorna i skolan"},"content":{"rendered":"<p>Den gamla skolan l\u00e5g i utkanten av byn, med slitna tegelv\u00e4ggar och f\u00f6nster som gnisslade n\u00e4r vinden tog tag. Varje kv\u00e4ll st\u00e4ngdes den klockan \u00e5tta, och det var vaktm\u00e4staren, herr Lund, som hade sista rundan. Han hade jobbat d\u00e4r i \u00f6ver tjugo \u00e5r och brukade alltid s\u00e4ga att han k\u00e4nde byggnaden b\u00e4ttre \u00e4n sitt eget hem. Men p\u00e5 senare tid hade han b\u00f6rjat m\u00e4rka n\u00e5got m\u00e4rkligt.<\/p>\n<p>N\u00e4r klockan slog \u00e5tta och de sista barnen g\u00e5tt hem, gick han som vanligt genom korridorerna f\u00f6r att sl\u00e4cka lamporna och l\u00e5sa d\u00f6rrarna. D\u00e5 s\u00e5g han dem. Skuggor. De r\u00f6rde sig l\u00e4ngs v\u00e4ggarna, ibland i sm\u00e5 grupper, ibland en och en. Det var som om barn fortfarande sprang d\u00e4r, trots att skolan var tom. Ibland kunde han n\u00e4stan h\u00f6ra ekot av fniss och l\u00e4tta fotsteg, men n\u00e4r han t\u00e4nde lamporna var korridoren alltid lika \u00f6de.<\/p>\n<p>En kv\u00e4ll best\u00e4mde sig herr Lund f\u00f6r att unders\u00f6ka n\u00e4rmare. Han v\u00e4ntade tills byggnaden var helt tyst och gick l\u00e5ngsamt genom korridorerna med ficklampan i handen. Ljuset svepte \u00f6ver v\u00e4ggarna, och d\u00e4r \u2013 i \u00f6gonvr\u00e5n \u2013 s\u00e5g han skuggorna igen. Sm\u00e5 kroppar som r\u00f6rde sig snabbt, f\u00f6rsvann bakom h\u00f6rn och d\u00f6rr\u00f6ppningar. Men n\u00e4r han f\u00f6ljde efter var allt tomt.<\/p>\n<p>Han f\u00f6rs\u00f6kte intala sig sj\u00e4lv att det bara var tr\u00f6tthet eller inbillning. Men n\u00e4sta morgon, n\u00e4r han \u00e5terigen gick samma runda, stannade han pl\u00f6tsligt till. P\u00e5 golvet i en av korridorerna, d\u00e4r ingen g\u00e5tt sedan kv\u00e4llen innan, fanns sm\u00e5 fotavtryck i dammet. Barnf\u00f6tter. S\u00e5 tydliga att han n\u00e4stan kunde r\u00e4kna t\u00e5rna.<\/p>\n<p>Det m\u00e4rkliga var att sp\u00e5ren inte ledde n\u00e5gonstans. De b\u00f6rjade mitt i korridoren och slutade lika pl\u00f6tsligt som de hade dykt upp. Herr Lund k\u00e4nde en kall rysning l\u00e4ngs ryggraden. Han visste att han var den enda som varit d\u00e4r inne. \u00c4nd\u00e5 fanns sp\u00e5ren kvar, som ett bevis p\u00e5 att skuggorna han sett inte bara var fantasi.<\/p>\n<p>Efter den dagen ber\u00e4ttade han s\u00e4llan vad han s\u00e5g f\u00f6r andra. Men varje kv\u00e4ll, n\u00e4r skolan tystnade och klockan n\u00e4rmade sig \u00e5tta, visste han att skuggorna v\u00e4ntade i korridorerna. Och \u00e4ven om han aldrig kunde f\u00f6rklara dem, s\u00e5g han alltid till att vara ute ur byggnaden innan m\u00f6rkret blev f\u00f6r tjockt. F\u00f6r i den gamla skolan var det n\u00e5got som dr\u00f6jde sig kvar \u2013 och det var inte bara minnen av skrattande barn.<\/p>","protected":false},"excerpt":{"rendered":"<p>Den gamla skolan l\u00e5g i utkanten av byn, med slitna tegelv\u00e4ggar och f\u00f6nster som gnisslade n\u00e4r vinden tog tag. Varje kv\u00e4ll st\u00e4ngdes den klockan \u00e5tta, och det var vaktm\u00e4staren, herr Lund,\u2026<\/p>","protected":false},"author":3,"featured_media":466,"comment_status":"closed","ping_status":"open","sticky":false,"template":"","format":"standard","meta":{"footnotes":""},"categories":[45],"tags":[46,20,47],"class_list":["post-465","post","type-post","status-publish","format-standard","has-post-thumbnail","hentry","category-spokhistorier","tag-berattelser","tag-halloween","tag-spokhistoria"],"yoast_head":"<!-- This site is optimized with the Yoast SEO plugin v26.7 - https:\/\/yoast.com\/wordpress\/plugins\/seo\/ -->\n<title>Skuggorna i skolan - Krabat<\/title>\n<meta name=\"description\" content=\"Skuggorna i skolan \u00e4r en kuslig sp\u00f6khistoria om en vaktm\u00e4stare som ser barnens skuggor r\u00f6ra sig i tomma korridorer efter m\u00f6rkrets inbrott.\" \/>\n<meta name=\"robots\" content=\"index, follow, max-snippet:-1, max-image-preview:large, max-video-preview:-1\" \/>\n<link rel=\"canonical\" href=\"https:\/\/krabat.se\/en\/halloween\/spokhistorier\/skuggorna-i-skolan\/\" \/>\n<meta property=\"og:locale\" content=\"en_US\" \/>\n<meta property=\"og:type\" content=\"article\" \/>\n<meta property=\"og:title\" content=\"Skuggorna i skolan - Krabat\" \/>\n<meta property=\"og:description\" content=\"Skuggorna i skolan \u00e4r en kuslig sp\u00f6khistoria om en vaktm\u00e4stare som ser barnens skuggor r\u00f6ra sig i tomma korridorer efter m\u00f6rkrets inbrott.\" \/>\n<meta property=\"og:url\" content=\"https:\/\/krabat.se\/en\/halloween\/spokhistorier\/skuggorna-i-skolan\/\" \/>\n<meta property=\"og:site_name\" content=\"Krabat\" \/>\n<meta property=\"article:published_time\" content=\"2025-09-17T10:13:39+00:00\" \/>\n<meta property=\"article:modified_time\" content=\"2025-09-17T14:16:53+00:00\" \/>\n<meta property=\"og:image\" content=\"https:\/\/krabat.se\/wp-content\/uploads\/2025\/09\/Skuggorna-i-skolan.webp\" \/>\n\t<meta property=\"og:image:width\" content=\"1200\" \/>\n\t<meta property=\"og:image:height\" content=\"800\" \/>\n\t<meta property=\"og:image:type\" content=\"image\/webp\" \/>\n<meta name=\"author\" content=\"Annika Wigforss\" \/>\n<meta name=\"twitter:card\" content=\"summary_large_image\" \/>\n<meta name=\"twitter:label1\" content=\"Written by\" \/>\n\t<meta name=\"twitter:data1\" content=\"Annika Wigforss\" \/>\n\t<meta name=\"twitter:label2\" content=\"Est. reading time\" \/>\n\t<meta name=\"twitter:data2\" content=\"3 minutes\" \/>\n<script type=\"application\/ld+json\" class=\"yoast-schema-graph\">{\"@context\":\"https:\/\/schema.org\",\"@graph\":[{\"@type\":\"Article\",\"@id\":\"https:\/\/krabat.se\/halloween\/spokhistorier\/skuggorna-i-skolan\/#article\",\"isPartOf\":{\"@id\":\"https:\/\/krabat.se\/halloween\/spokhistorier\/skuggorna-i-skolan\/\"},\"author\":{\"name\":\"Annika Wigforss\",\"@id\":\"https:\/\/krabat.se\/#\/schema\/person\/547af2d9e3e649b0f7e6c6fceda9a211\"},\"headline\":\"Skuggorna i skolan\",\"datePublished\":\"2025-09-17T10:13:39+00:00\",\"dateModified\":\"2025-09-17T14:16:53+00:00\",\"mainEntityOfPage\":{\"@id\":\"https:\/\/krabat.se\/halloween\/spokhistorier\/skuggorna-i-skolan\/\"},\"wordCount\":468,\"publisher\":{\"@id\":\"https:\/\/krabat.se\/#organization\"},\"image\":{\"@id\":\"https:\/\/krabat.se\/halloween\/spokhistorier\/skuggorna-i-skolan\/#primaryimage\"},\"thumbnailUrl\":\"https:\/\/krabat.se\/wp-content\/uploads\/2025\/09\/Skuggorna-i-skolan.webp\",\"keywords\":[\"Ber\u00e4ttelser\",\"Halloween\",\"Sp\u00f6khistoria\"],\"articleSection\":[\"Sp\u00f6khistorier\"],\"inLanguage\":\"en-US\"},{\"@type\":\"WebPage\",\"@id\":\"https:\/\/krabat.se\/halloween\/spokhistorier\/skuggorna-i-skolan\/\",\"url\":\"https:\/\/krabat.se\/halloween\/spokhistorier\/skuggorna-i-skolan\/\",\"name\":\"Skuggorna i skolan - Krabat\",\"isPartOf\":{\"@id\":\"https:\/\/krabat.se\/#website\"},\"primaryImageOfPage\":{\"@id\":\"https:\/\/krabat.se\/halloween\/spokhistorier\/skuggorna-i-skolan\/#primaryimage\"},\"image\":{\"@id\":\"https:\/\/krabat.se\/halloween\/spokhistorier\/skuggorna-i-skolan\/#primaryimage\"},\"thumbnailUrl\":\"https:\/\/krabat.se\/wp-content\/uploads\/2025\/09\/Skuggorna-i-skolan.webp\",\"datePublished\":\"2025-09-17T10:13:39+00:00\",\"dateModified\":\"2025-09-17T14:16:53+00:00\",\"description\":\"Skuggorna i skolan \u00e4r en kuslig sp\u00f6khistoria om en vaktm\u00e4stare som ser barnens skuggor r\u00f6ra sig i tomma korridorer efter m\u00f6rkrets inbrott.\",\"breadcrumb\":{\"@id\":\"https:\/\/krabat.se\/halloween\/spokhistorier\/skuggorna-i-skolan\/#breadcrumb\"},\"inLanguage\":\"en-US\",\"potentialAction\":[{\"@type\":\"ReadAction\",\"target\":[\"https:\/\/krabat.se\/halloween\/spokhistorier\/skuggorna-i-skolan\/\"]}]},{\"@type\":\"ImageObject\",\"inLanguage\":\"en-US\",\"@id\":\"https:\/\/krabat.se\/halloween\/spokhistorier\/skuggorna-i-skolan\/#primaryimage\",\"url\":\"https:\/\/krabat.se\/wp-content\/uploads\/2025\/09\/Skuggorna-i-skolan.webp\",\"contentUrl\":\"https:\/\/krabat.se\/wp-content\/uploads\/2025\/09\/Skuggorna-i-skolan.webp\",\"width\":1200,\"height\":800,\"caption\":\"Skuggorna i skolan\"},{\"@type\":\"BreadcrumbList\",\"@id\":\"https:\/\/krabat.se\/halloween\/spokhistorier\/skuggorna-i-skolan\/#breadcrumb\",\"itemListElement\":[{\"@type\":\"ListItem\",\"position\":1,\"name\":\"Hem\",\"item\":\"https:\/\/krabat.se\/\"},{\"@type\":\"ListItem\",\"position\":2,\"name\":\"Skuggorna i skolan\"}]},{\"@type\":\"WebSite\",\"@id\":\"https:\/\/krabat.se\/#website\",\"url\":\"https:\/\/krabat.se\/\",\"name\":\"Krabat\",\"description\":\"Krabat \u2013 d\u00e4r leken b\u00f6rjar och fantasin tar vid\",\"publisher\":{\"@id\":\"https:\/\/krabat.se\/#organization\"},\"potentialAction\":[{\"@type\":\"SearchAction\",\"target\":{\"@type\":\"EntryPoint\",\"urlTemplate\":\"https:\/\/krabat.se\/?s={search_term_string}\"},\"query-input\":{\"@type\":\"PropertyValueSpecification\",\"valueRequired\":true,\"valueName\":\"search_term_string\"}}],\"inLanguage\":\"en-US\"},{\"@type\":\"Organization\",\"@id\":\"https:\/\/krabat.se\/#organization\",\"name\":\"Krabat\",\"url\":\"https:\/\/krabat.se\/\",\"logo\":{\"@type\":\"ImageObject\",\"inLanguage\":\"en-US\",\"@id\":\"https:\/\/krabat.se\/#\/schema\/logo\/image\/\",\"url\":\"https:\/\/krabat.se\/wp-content\/uploads\/2025\/09\/Krabat_logga_new-e1770977786364.webp\",\"contentUrl\":\"https:\/\/krabat.se\/wp-content\/uploads\/2025\/09\/Krabat_logga_new-e1770977786364.webp\",\"width\":400,\"height\":102,\"caption\":\"Krabat\"},\"image\":{\"@id\":\"https:\/\/krabat.se\/#\/schema\/logo\/image\/\"}},{\"@type\":\"Person\",\"@id\":\"https:\/\/krabat.se\/#\/schema\/person\/547af2d9e3e649b0f7e6c6fceda9a211\",\"name\":\"Annika Wigforss\",\"image\":{\"@type\":\"ImageObject\",\"inLanguage\":\"en-US\",\"@id\":\"https:\/\/krabat.se\/#\/schema\/person\/image\/\",\"url\":\"https:\/\/secure.gravatar.com\/avatar\/dfecc89c00cfde6df05b19b15ef88d131933de4296be438a3186e45c391481a0?s=96&d=monsterid&r=g\",\"contentUrl\":\"https:\/\/secure.gravatar.com\/avatar\/dfecc89c00cfde6df05b19b15ef88d131933de4296be438a3186e45c391481a0?s=96&d=monsterid&r=g\",\"caption\":\"Annika Wigforss\"},\"url\":\"https:\/\/krabat.se\/en\/author\/annika\/\"}]}<\/script>\n<!-- \/ Yoast SEO plugin. -->","yoast_head_json":{"title":"Skuggorna i skolan - Krabat","description":"Skuggorna i skolan \u00e4r en kuslig sp\u00f6khistoria om en vaktm\u00e4stare som ser barnens skuggor r\u00f6ra sig i tomma korridorer efter m\u00f6rkrets inbrott.","robots":{"index":"index","follow":"follow","max-snippet":"max-snippet:-1","max-image-preview":"max-image-preview:large","max-video-preview":"max-video-preview:-1"},"canonical":"https:\/\/krabat.se\/en\/halloween\/spokhistorier\/skuggorna-i-skolan\/","og_locale":"en_US","og_type":"article","og_title":"Skuggorna i skolan - Krabat","og_description":"Skuggorna i skolan \u00e4r en kuslig sp\u00f6khistoria om en vaktm\u00e4stare som ser barnens skuggor r\u00f6ra sig i tomma korridorer efter m\u00f6rkrets inbrott.","og_url":"https:\/\/krabat.se\/en\/halloween\/spokhistorier\/skuggorna-i-skolan\/","og_site_name":"Krabat","article_published_time":"2025-09-17T10:13:39+00:00","article_modified_time":"2025-09-17T14:16:53+00:00","og_image":[{"width":1200,"height":800,"url":"https:\/\/krabat.se\/wp-content\/uploads\/2025\/09\/Skuggorna-i-skolan.webp","type":"image\/webp"}],"author":"Annika Wigforss","twitter_card":"summary_large_image","twitter_misc":{"Written by":"Annika Wigforss","Est. reading time":"3 minutes"},"schema":{"@context":"https:\/\/schema.org","@graph":[{"@type":"Article","@id":"https:\/\/krabat.se\/halloween\/spokhistorier\/skuggorna-i-skolan\/#article","isPartOf":{"@id":"https:\/\/krabat.se\/halloween\/spokhistorier\/skuggorna-i-skolan\/"},"author":{"name":"Annika Wigforss","@id":"https:\/\/krabat.se\/#\/schema\/person\/547af2d9e3e649b0f7e6c6fceda9a211"},"headline":"Skuggorna i skolan","datePublished":"2025-09-17T10:13:39+00:00","dateModified":"2025-09-17T14:16:53+00:00","mainEntityOfPage":{"@id":"https:\/\/krabat.se\/halloween\/spokhistorier\/skuggorna-i-skolan\/"},"wordCount":468,"publisher":{"@id":"https:\/\/krabat.se\/#organization"},"image":{"@id":"https:\/\/krabat.se\/halloween\/spokhistorier\/skuggorna-i-skolan\/#primaryimage"},"thumbnailUrl":"https:\/\/krabat.se\/wp-content\/uploads\/2025\/09\/Skuggorna-i-skolan.webp","keywords":["Ber\u00e4ttelser","Halloween","Sp\u00f6khistoria"],"articleSection":["Sp\u00f6khistorier"],"inLanguage":"en-US"},{"@type":"WebPage","@id":"https:\/\/krabat.se\/halloween\/spokhistorier\/skuggorna-i-skolan\/","url":"https:\/\/krabat.se\/halloween\/spokhistorier\/skuggorna-i-skolan\/","name":"Skuggorna i skolan - Krabat","isPartOf":{"@id":"https:\/\/krabat.se\/#website"},"primaryImageOfPage":{"@id":"https:\/\/krabat.se\/halloween\/spokhistorier\/skuggorna-i-skolan\/#primaryimage"},"image":{"@id":"https:\/\/krabat.se\/halloween\/spokhistorier\/skuggorna-i-skolan\/#primaryimage"},"thumbnailUrl":"https:\/\/krabat.se\/wp-content\/uploads\/2025\/09\/Skuggorna-i-skolan.webp","datePublished":"2025-09-17T10:13:39+00:00","dateModified":"2025-09-17T14:16:53+00:00","description":"Skuggorna i skolan \u00e4r en kuslig sp\u00f6khistoria om en vaktm\u00e4stare som ser barnens skuggor r\u00f6ra sig i tomma korridorer efter m\u00f6rkrets inbrott.","breadcrumb":{"@id":"https:\/\/krabat.se\/halloween\/spokhistorier\/skuggorna-i-skolan\/#breadcrumb"},"inLanguage":"en-US","potentialAction":[{"@type":"ReadAction","target":["https:\/\/krabat.se\/halloween\/spokhistorier\/skuggorna-i-skolan\/"]}]},{"@type":"ImageObject","inLanguage":"en-US","@id":"https:\/\/krabat.se\/halloween\/spokhistorier\/skuggorna-i-skolan\/#primaryimage","url":"https:\/\/krabat.se\/wp-content\/uploads\/2025\/09\/Skuggorna-i-skolan.webp","contentUrl":"https:\/\/krabat.se\/wp-content\/uploads\/2025\/09\/Skuggorna-i-skolan.webp","width":1200,"height":800,"caption":"Skuggorna i skolan"},{"@type":"BreadcrumbList","@id":"https:\/\/krabat.se\/halloween\/spokhistorier\/skuggorna-i-skolan\/#breadcrumb","itemListElement":[{"@type":"ListItem","position":1,"name":"Hem","item":"https:\/\/krabat.se\/"},{"@type":"ListItem","position":2,"name":"Skuggorna i skolan"}]},{"@type":"WebSite","@id":"https:\/\/krabat.se\/#website","url":"https:\/\/krabat.se\/","name":"Krabat","description":"Krabat \u2013 d\u00e4r leken b\u00f6rjar och fantasin tar vid","publisher":{"@id":"https:\/\/krabat.se\/#organization"},"potentialAction":[{"@type":"SearchAction","target":{"@type":"EntryPoint","urlTemplate":"https:\/\/krabat.se\/?s={search_term_string}"},"query-input":{"@type":"PropertyValueSpecification","valueRequired":true,"valueName":"search_term_string"}}],"inLanguage":"en-US"},{"@type":"Organization","@id":"https:\/\/krabat.se\/#organization","name":"Krabat","url":"https:\/\/krabat.se\/","logo":{"@type":"ImageObject","inLanguage":"en-US","@id":"https:\/\/krabat.se\/#\/schema\/logo\/image\/","url":"https:\/\/krabat.se\/wp-content\/uploads\/2025\/09\/Krabat_logga_new-e1770977786364.webp","contentUrl":"https:\/\/krabat.se\/wp-content\/uploads\/2025\/09\/Krabat_logga_new-e1770977786364.webp","width":400,"height":102,"caption":"Krabat"},"image":{"@id":"https:\/\/krabat.se\/#\/schema\/logo\/image\/"}},{"@type":"Person","@id":"https:\/\/krabat.se\/#\/schema\/person\/547af2d9e3e649b0f7e6c6fceda9a211","name":"Annika Wigforss","image":{"@type":"ImageObject","inLanguage":"en-US","@id":"https:\/\/krabat.se\/#\/schema\/person\/image\/","url":"https:\/\/secure.gravatar.com\/avatar\/dfecc89c00cfde6df05b19b15ef88d131933de4296be438a3186e45c391481a0?s=96&d=monsterid&r=g","contentUrl":"https:\/\/secure.gravatar.com\/avatar\/dfecc89c00cfde6df05b19b15ef88d131933de4296be438a3186e45c391481a0?s=96&d=monsterid&r=g","caption":"Annika Wigforss"},"url":"https:\/\/krabat.se\/en\/author\/annika\/"}]}},"_links":{"self":[{"href":"https:\/\/krabat.se\/en\/wp-json\/wp\/v2\/posts\/465","targetHints":{"allow":["GET"]}}],"collection":[{"href":"https:\/\/krabat.se\/en\/wp-json\/wp\/v2\/posts"}],"about":[{"href":"https:\/\/krabat.se\/en\/wp-json\/wp\/v2\/types\/post"}],"author":[{"embeddable":true,"href":"https:\/\/krabat.se\/en\/wp-json\/wp\/v2\/users\/3"}],"replies":[{"embeddable":true,"href":"https:\/\/krabat.se\/en\/wp-json\/wp\/v2\/comments?post=465"}],"version-history":[{"count":1,"href":"https:\/\/krabat.se\/en\/wp-json\/wp\/v2\/posts\/465\/revisions"}],"predecessor-version":[{"id":467,"href":"https:\/\/krabat.se\/en\/wp-json\/wp\/v2\/posts\/465\/revisions\/467"}],"wp:featuredmedia":[{"embeddable":true,"href":"https:\/\/krabat.se\/en\/wp-json\/wp\/v2\/media\/466"}],"wp:attachment":[{"href":"https:\/\/krabat.se\/en\/wp-json\/wp\/v2\/media?parent=465"}],"wp:term":[{"taxonomy":"category","embeddable":true,"href":"https:\/\/krabat.se\/en\/wp-json\/wp\/v2\/categories?post=465"},{"taxonomy":"post_tag","embeddable":true,"href":"https:\/\/krabat.se\/en\/wp-json\/wp\/v2\/tags?post=465"}],"curies":[{"name":"wp","href":"https:\/\/api.w.org\/{rel}","templated":true}]}}