{"id":1005,"date":"2025-11-06T14:39:35","date_gmt":"2025-11-06T13:39:35","guid":{"rendered":"https:\/\/krabat.se\/?p=1005"},"modified":"2025-11-06T14:39:35","modified_gmt":"2025-11-06T13:39:35","slug":"varvader-nar-naturen-vaknar-till-liv-igen","status":"publish","type":"post","link":"https:\/\/krabat.se\/en\/arstider\/varen\/varvader-nar-naturen-vaknar-till-liv-igen\/","title":{"rendered":"V\u00e5rv\u00e4der \u2013 n\u00e4r naturen vaknar till liv igen"},"content":{"rendered":"<p>N\u00e4r vintern \u00e4ntligen sl\u00e4pper sitt grepp f\u00f6r\u00e4ndras allt. Marken tinar, solen stiger h\u00f6gre och luften fylls av f\u00e5gels\u00e5ng. <strong>V\u00e5rv\u00e4der<\/strong> v\u00e4cker livet igen, och barnen m\u00e4rker det f\u00f6rst. De ser vattnet rinna l\u00e4ngs trottoarerna, k\u00e4nner v\u00e4rmen mot kinden och ropar av gl\u00e4dje n\u00e4r den f\u00f6rsta fj\u00e4rilen flyger f\u00f6rbi. F\u00f6r b\u00e5de f\u00f6r\u00e4ldrar och pedagoger blir <a href=\"https:\/\/krabat.se\/en\/arstider\/varen\/varen-i-sverige-tiden-da-allt-vaknar-till-liv\/\">v\u00e5ren<\/a> en chans att f\u00f6lja naturens rytm och utforska v\u00e4drets alla v\u00e4xlingar tillsammans.<\/p>\n<h3>N\u00e4r v\u00e5rv\u00e4dret g\u00f6r entr\u00e9<\/h3>\n<p>V\u00e5ren kommer s\u00e4llan pl\u00f6tsligt \u2013 den smyger sig in. En dag droppar det fr\u00e5n taken, n\u00e4sta dag luktar marken av fuktig jord. Snart sm\u00e4lter sn\u00f6n och b\u00e4ckarna b\u00f6rjar porla. F\u00e5glarna \u00e5terv\u00e4nder, och barnen springer ut f\u00f6r att leta <a href=\"https:\/\/krabat.se\/en\/arstider\/varen\/vartecken-nar-naturen-viskar-att-ljuset-ar-tillbaka\/\">v\u00e5rtecken<\/a>.<\/p>\n<p>SMHI beskriver v\u00e5ren som den tid d\u00e5 temperaturen h\u00e5ller sig mellan noll och tio grader i minst en vecka. Men barnen beh\u00f6ver inga siffror. De m\u00e4rker v\u00e5ren i allt de ser och h\u00f6r: hur ljuset blir mjukare, hur vinden k\u00e4nns mildare och hur knopparna v\u00e4ntar p\u00e5 att sl\u00e5 ut.<\/p>\n<p>F\u00f6rskolor kan ta tillf\u00e4llet i akt att g\u00f6ra v\u00e4dret levande. Genom att sm\u00e4lta sn\u00f6 i glasburkar, samla regnvatten och prata om varf\u00f6r solen v\u00e4rmer, f\u00f6rvandlas naturvetenskap till n\u00e5got barnen kan uppleva p\u00e5 riktigt. Dessutom st\u00e4rker s\u00e5dana \u00f6vningar deras nyfikenhet och f\u00f6rst\u00e5else f\u00f6r hur v\u00e4rlden fungerar.<\/p>\n<h3>Sol, regn och vind p\u00e5 samma dag<\/h3>\n<p>Det svenska <strong>v\u00e5rv\u00e4dret<\/strong> bjuder p\u00e5 \u00f6verraskningar. Ena dagen skiner solen fr\u00e5n klarbl\u00e5 himmel, n\u00e4sta dag sn\u00f6ar det igen. Just d\u00e4rf\u00f6r fascinerar v\u00e5ren barnen s\u00e5 mycket \u2013 inget v\u00e4der varar l\u00e4nge.<\/p>\n<p>Pedagoger kan anv\u00e4nda det som l\u00e4rande: l\u00e5ta barnen f\u00f6lja v\u00e4dret dag f\u00f6r dag, rita moln, regndroppar och solstr\u00e5lar. Genom att prata om begrepp som &#8221;plusgrader&#8221;, &#8221;vind&#8221; och &#8221;regnb\u00e5ge&#8221; f\u00e5r barnen spr\u00e5k f\u00f6r sina upplevelser. F\u00f6r\u00e4ldrar kan g\u00f6ra detsamma hemma. Efter regnet kan man tillsammans leta efter regnb\u00e5gen, prata om f\u00e4rgerna och hur ljuset bryts i vattendroppar.<\/p>\n<p>Samtidigt l\u00e4r sig barnen planera. De b\u00f6rjar f\u00f6rst\u00e5 varf\u00f6r st\u00f6vlar beh\u00f6vs n\u00e4r det regnar och varf\u00f6r jackan \u00e5ker av n\u00e4r solen tittar fram. V\u00e5rens skiftningar blir en lektion i att l\u00e4sa naturens signaler.<\/p>\n<h3>V\u00e5rv\u00e4der som inbjuder till lek<\/h3>\n<p>S\u00e5 snart solen v\u00e4rmer vill barnen ut. De hoppar i vattenp\u00f6lar, rullar i gr\u00e4set och bygger sm\u00e5 dammar i sm\u00e4ltvattnet. Det \u00e4r d\u00e5 v\u00e5rens energi syns som tydligast \u2013 i r\u00f6relse, skratt och r\u00f6da kinder.<\/p>\n<p>Pedagoger kan ta med grupperna ut och l\u00e5ta barnen unders\u00f6ka marken, lyssna efter f\u00e5glar och se hur knopparna v\u00e4xer dag f\u00f6r dag. V\u00e4derleken ger naturliga m\u00f6jligheter till samtal om f\u00f6r\u00e4ndring. Varf\u00f6r sm\u00e4lter sn\u00f6n? Varifr\u00e5n kommer vinden? Vad h\u00e4nder n\u00e4r solen g\u00e5r i moln?<\/p>\n<p>F\u00f6r\u00e4ldrar kan uppmuntra samma uppt\u00e4ckargl\u00e4dje hemma. En promenad till parken blir ett \u00e4ventyr n\u00e4r barnen f\u00e5r leta v\u00e5rtecken: maskar, sn\u00f6droppar och vatten som rinner l\u00e4ngs v\u00e4garna. Att f\u00f6lja v\u00e4dret tillsammans blir ett s\u00e4tt att b\u00e5de leka och l\u00e4ra.<\/p>\n<h3>Naturen f\u00f6r\u00e4ndras \u2013 dag f\u00f6r dag<\/h3>\n<p>Under <strong>v\u00e5rv\u00e4der<\/strong> h\u00e4nder n\u00e5got magiskt. Marken g\u00e5r fr\u00e5n h\u00e5rd till mjuk, tr\u00e4den f\u00e5r nya knoppar och himlen blir bl\u00e5are f\u00f6r varje vecka. Ljuset f\u00f6r\u00e4ndrar allt \u2013 f\u00e4rgerna blir starkare, ljuden klarare och dagarna l\u00e4ngre.<\/p>\n<p>F\u00f6rskolor kan plantera fr\u00f6n i sm\u00e5 krukor och l\u00e5ta barnen f\u00f6lja hur de v\u00e4xer i takt med v\u00e4dret. F\u00f6r\u00e4ldrar kan g\u00f6ra enkla v\u00e4derstationer hemma: en termometer, en vindriktare av papper och en regnm\u00e4tare av en flaska. Tillsammans kan man m\u00e4ta, skriva upp och j\u00e4mf\u00f6ra dag f\u00f6r dag. P\u00e5 s\u00e5 s\u00e4tt l\u00e4r sig barnen att v\u00e4dret inte bara k\u00e4nns \u2013 det g\u00e5r ocks\u00e5 att unders\u00f6ka.<\/p>\n<p>Dessutom visar v\u00e5ren hur allt h\u00e4nger ihop. N\u00e4r solen skiner sm\u00e4lter isen, n\u00e4r vattnet rinner b\u00f6rjar v\u00e4xterna gro, och n\u00e4r blommorna sl\u00e5r ut kommer insekterna tillbaka. V\u00e4dret blir naturens s\u00e4tt att ber\u00e4tta sin egen historia.<\/p>\n<h3>V\u00e5rens gl\u00e4dje i varje droppe<\/h3>\n<p>V\u00e5ren b\u00e4r p\u00e5 en speciell energi. Efter vinterns tystnad vill allt leva igen \u2013 barn, djur och v\u00e4xter. Solen v\u00e4rmer ansikten, skratten ekar mellan husen och luften k\u00e4nns l\u00e4ttare.<\/p>\n<p>F\u00f6r barn \u00e4r <strong>v\u00e5rv\u00e4der<\/strong> ett \u00e4ventyr. De l\u00e4r sig hur v\u00e4dret f\u00f6r\u00e4ndras, hur solen och regnet samarbetar, och hur naturen vaknar p\u00e5 nytt. F\u00f6r\u00e4ldrar och pedagoger f\u00e5r samtidigt chansen att skapa gemensamma stunder fyllda av l\u00e4rande och gl\u00e4dje.<\/p>\n<p>N\u00e4r barnen springer genom p\u00f6larna och ser solen spegla sig i vattnet f\u00f6rst\u00e5r de n\u00e5got enkelt men stort \u2013 att f\u00f6r\u00e4ndring \u00e4r vackert, och att varje dag i v\u00e5rv\u00e4der b\u00e4r p\u00e5 n\u00e5got nytt.<\/p>","protected":false},"excerpt":{"rendered":"<p>N\u00e4r vintern \u00e4ntligen sl\u00e4pper sitt grepp f\u00f6r\u00e4ndras allt. Marken tinar, solen stiger h\u00f6gre och luften fylls av f\u00e5gels\u00e5ng. V\u00e5rv\u00e4der v\u00e4cker livet igen, och barnen m\u00e4rker det f\u00f6rst. De ser vattnet rinna\u2026<\/p>","protected":false},"author":3,"featured_media":1006,"comment_status":"closed","ping_status":"open","sticky":false,"template":"","format":"standard","meta":{"footnotes":""},"categories":[160],"tags":[161],"class_list":["post-1005","post","type-post","status-publish","format-standard","has-post-thumbnail","hentry","category-varen","tag-var"],"yoast_head":"<!-- This site is optimized with the Yoast SEO plugin v26.7 - https:\/\/yoast.com\/wordpress\/plugins\/seo\/ -->\n<title>V\u00e5rv\u00e4der \u2013 n\u00e4r naturen vaknar till liv igen - Krabat<\/title>\n<meta name=\"description\" content=\"V\u00e5rv\u00e4der v\u00e4cker liv i naturen. L\u00e4r barnen om sol, regn och f\u00f6r\u00e4ndring genom lek, utflykter och uppt\u00e4ckter i v\u00e5rens v\u00e4xlande v\u00e4der.\" \/>\n<meta name=\"robots\" content=\"index, follow, max-snippet:-1, max-image-preview:large, max-video-preview:-1\" \/>\n<link rel=\"canonical\" href=\"https:\/\/krabat.se\/en\/arstider\/varen\/varvader-nar-naturen-vaknar-till-liv-igen\/\" \/>\n<meta property=\"og:locale\" content=\"en_US\" \/>\n<meta property=\"og:type\" content=\"article\" \/>\n<meta property=\"og:title\" content=\"V\u00e5rv\u00e4der \u2013 n\u00e4r naturen vaknar till liv igen - Krabat\" \/>\n<meta property=\"og:description\" content=\"V\u00e5rv\u00e4der v\u00e4cker liv i naturen. L\u00e4r barnen om sol, regn och f\u00f6r\u00e4ndring genom lek, utflykter och uppt\u00e4ckter i v\u00e5rens v\u00e4xlande v\u00e4der.\" \/>\n<meta property=\"og:url\" content=\"https:\/\/krabat.se\/en\/arstider\/varen\/varvader-nar-naturen-vaknar-till-liv-igen\/\" \/>\n<meta property=\"og:site_name\" content=\"Krabat\" \/>\n<meta property=\"article:published_time\" content=\"2025-11-06T13:39:35+00:00\" \/>\n<meta property=\"og:image\" content=\"https:\/\/krabat.se\/wp-content\/uploads\/2025\/11\/varvader.webp\" \/>\n\t<meta property=\"og:image:width\" content=\"1200\" \/>\n\t<meta property=\"og:image:height\" content=\"800\" \/>\n\t<meta property=\"og:image:type\" content=\"image\/webp\" \/>\n<meta name=\"author\" content=\"Annika Wigforss\" \/>\n<meta name=\"twitter:card\" content=\"summary_large_image\" \/>\n<meta name=\"twitter:label1\" content=\"Written by\" \/>\n\t<meta name=\"twitter:data1\" content=\"Annika Wigforss\" \/>\n\t<meta name=\"twitter:label2\" content=\"Est. reading time\" \/>\n\t<meta name=\"twitter:data2\" content=\"4 minutes\" \/>\n<script type=\"application\/ld+json\" class=\"yoast-schema-graph\">{\"@context\":\"https:\/\/schema.org\",\"@graph\":[{\"@type\":\"Article\",\"@id\":\"https:\/\/krabat.se\/arstider\/varen\/varvader-nar-naturen-vaknar-till-liv-igen\/#article\",\"isPartOf\":{\"@id\":\"https:\/\/krabat.se\/arstider\/varen\/varvader-nar-naturen-vaknar-till-liv-igen\/\"},\"author\":{\"name\":\"Annika Wigforss\",\"@id\":\"https:\/\/krabat.se\/#\/schema\/person\/547af2d9e3e649b0f7e6c6fceda9a211\"},\"headline\":\"V\u00e5rv\u00e4der \u2013 n\u00e4r naturen vaknar till liv igen\",\"datePublished\":\"2025-11-06T13:39:35+00:00\",\"mainEntityOfPage\":{\"@id\":\"https:\/\/krabat.se\/arstider\/varen\/varvader-nar-naturen-vaknar-till-liv-igen\/\"},\"wordCount\":923,\"publisher\":{\"@id\":\"https:\/\/krabat.se\/#organization\"},\"image\":{\"@id\":\"https:\/\/krabat.se\/arstider\/varen\/varvader-nar-naturen-vaknar-till-liv-igen\/#primaryimage\"},\"thumbnailUrl\":\"https:\/\/krabat.se\/wp-content\/uploads\/2025\/11\/varvader.webp\",\"keywords\":[\"V\u00e5r\"],\"articleSection\":[\"V\u00e5ren\"],\"inLanguage\":\"en-US\"},{\"@type\":\"WebPage\",\"@id\":\"https:\/\/krabat.se\/arstider\/varen\/varvader-nar-naturen-vaknar-till-liv-igen\/\",\"url\":\"https:\/\/krabat.se\/arstider\/varen\/varvader-nar-naturen-vaknar-till-liv-igen\/\",\"name\":\"V\u00e5rv\u00e4der \u2013 n\u00e4r naturen vaknar till liv igen - Krabat\",\"isPartOf\":{\"@id\":\"https:\/\/krabat.se\/#website\"},\"primaryImageOfPage\":{\"@id\":\"https:\/\/krabat.se\/arstider\/varen\/varvader-nar-naturen-vaknar-till-liv-igen\/#primaryimage\"},\"image\":{\"@id\":\"https:\/\/krabat.se\/arstider\/varen\/varvader-nar-naturen-vaknar-till-liv-igen\/#primaryimage\"},\"thumbnailUrl\":\"https:\/\/krabat.se\/wp-content\/uploads\/2025\/11\/varvader.webp\",\"datePublished\":\"2025-11-06T13:39:35+00:00\",\"description\":\"V\u00e5rv\u00e4der v\u00e4cker liv i naturen. L\u00e4r barnen om sol, regn och f\u00f6r\u00e4ndring genom lek, utflykter och uppt\u00e4ckter i v\u00e5rens v\u00e4xlande v\u00e4der.\",\"breadcrumb\":{\"@id\":\"https:\/\/krabat.se\/arstider\/varen\/varvader-nar-naturen-vaknar-till-liv-igen\/#breadcrumb\"},\"inLanguage\":\"en-US\",\"potentialAction\":[{\"@type\":\"ReadAction\",\"target\":[\"https:\/\/krabat.se\/arstider\/varen\/varvader-nar-naturen-vaknar-till-liv-igen\/\"]}]},{\"@type\":\"ImageObject\",\"inLanguage\":\"en-US\",\"@id\":\"https:\/\/krabat.se\/arstider\/varen\/varvader-nar-naturen-vaknar-till-liv-igen\/#primaryimage\",\"url\":\"https:\/\/krabat.se\/wp-content\/uploads\/2025\/11\/varvader.webp\",\"contentUrl\":\"https:\/\/krabat.se\/wp-content\/uploads\/2025\/11\/varvader.webp\",\"width\":1200,\"height\":800,\"caption\":\"v\u00e5rv\u00e4der\"},{\"@type\":\"BreadcrumbList\",\"@id\":\"https:\/\/krabat.se\/arstider\/varen\/varvader-nar-naturen-vaknar-till-liv-igen\/#breadcrumb\",\"itemListElement\":[{\"@type\":\"ListItem\",\"position\":1,\"name\":\"Hem\",\"item\":\"https:\/\/krabat.se\/\"},{\"@type\":\"ListItem\",\"position\":2,\"name\":\"V\u00e5rv\u00e4der \u2013 n\u00e4r naturen vaknar till liv igen\"}]},{\"@type\":\"WebSite\",\"@id\":\"https:\/\/krabat.se\/#website\",\"url\":\"https:\/\/krabat.se\/\",\"name\":\"Krabat\",\"description\":\"Krabat \u2013 d\u00e4r leken b\u00f6rjar och fantasin tar vid\",\"publisher\":{\"@id\":\"https:\/\/krabat.se\/#organization\"},\"potentialAction\":[{\"@type\":\"SearchAction\",\"target\":{\"@type\":\"EntryPoint\",\"urlTemplate\":\"https:\/\/krabat.se\/?s={search_term_string}\"},\"query-input\":{\"@type\":\"PropertyValueSpecification\",\"valueRequired\":true,\"valueName\":\"search_term_string\"}}],\"inLanguage\":\"en-US\"},{\"@type\":\"Organization\",\"@id\":\"https:\/\/krabat.se\/#organization\",\"name\":\"Krabat\",\"url\":\"https:\/\/krabat.se\/\",\"logo\":{\"@type\":\"ImageObject\",\"inLanguage\":\"en-US\",\"@id\":\"https:\/\/krabat.se\/#\/schema\/logo\/image\/\",\"url\":\"https:\/\/krabat.se\/wp-content\/uploads\/2025\/09\/Krabat_logga_new-e1770977786364.webp\",\"contentUrl\":\"https:\/\/krabat.se\/wp-content\/uploads\/2025\/09\/Krabat_logga_new-e1770977786364.webp\",\"width\":400,\"height\":102,\"caption\":\"Krabat\"},\"image\":{\"@id\":\"https:\/\/krabat.se\/#\/schema\/logo\/image\/\"}},{\"@type\":\"Person\",\"@id\":\"https:\/\/krabat.se\/#\/schema\/person\/547af2d9e3e649b0f7e6c6fceda9a211\",\"name\":\"Annika Wigforss\",\"image\":{\"@type\":\"ImageObject\",\"inLanguage\":\"en-US\",\"@id\":\"https:\/\/krabat.se\/#\/schema\/person\/image\/\",\"url\":\"https:\/\/secure.gravatar.com\/avatar\/dfecc89c00cfde6df05b19b15ef88d131933de4296be438a3186e45c391481a0?s=96&d=monsterid&r=g\",\"contentUrl\":\"https:\/\/secure.gravatar.com\/avatar\/dfecc89c00cfde6df05b19b15ef88d131933de4296be438a3186e45c391481a0?s=96&d=monsterid&r=g\",\"caption\":\"Annika Wigforss\"},\"url\":\"https:\/\/krabat.se\/en\/author\/annika\/\"}]}<\/script>\n<!-- \/ Yoast SEO plugin. -->","yoast_head_json":{"title":"V\u00e5rv\u00e4der \u2013 n\u00e4r naturen vaknar till liv igen - Krabat","description":"V\u00e5rv\u00e4der v\u00e4cker liv i naturen. L\u00e4r barnen om sol, regn och f\u00f6r\u00e4ndring genom lek, utflykter och uppt\u00e4ckter i v\u00e5rens v\u00e4xlande v\u00e4der.","robots":{"index":"index","follow":"follow","max-snippet":"max-snippet:-1","max-image-preview":"max-image-preview:large","max-video-preview":"max-video-preview:-1"},"canonical":"https:\/\/krabat.se\/en\/arstider\/varen\/varvader-nar-naturen-vaknar-till-liv-igen\/","og_locale":"en_US","og_type":"article","og_title":"V\u00e5rv\u00e4der \u2013 n\u00e4r naturen vaknar till liv igen - Krabat","og_description":"V\u00e5rv\u00e4der v\u00e4cker liv i naturen. L\u00e4r barnen om sol, regn och f\u00f6r\u00e4ndring genom lek, utflykter och uppt\u00e4ckter i v\u00e5rens v\u00e4xlande v\u00e4der.","og_url":"https:\/\/krabat.se\/en\/arstider\/varen\/varvader-nar-naturen-vaknar-till-liv-igen\/","og_site_name":"Krabat","article_published_time":"2025-11-06T13:39:35+00:00","og_image":[{"width":1200,"height":800,"url":"https:\/\/krabat.se\/wp-content\/uploads\/2025\/11\/varvader.webp","type":"image\/webp"}],"author":"Annika Wigforss","twitter_card":"summary_large_image","twitter_misc":{"Written by":"Annika Wigforss","Est. reading time":"4 minutes"},"schema":{"@context":"https:\/\/schema.org","@graph":[{"@type":"Article","@id":"https:\/\/krabat.se\/arstider\/varen\/varvader-nar-naturen-vaknar-till-liv-igen\/#article","isPartOf":{"@id":"https:\/\/krabat.se\/arstider\/varen\/varvader-nar-naturen-vaknar-till-liv-igen\/"},"author":{"name":"Annika Wigforss","@id":"https:\/\/krabat.se\/#\/schema\/person\/547af2d9e3e649b0f7e6c6fceda9a211"},"headline":"V\u00e5rv\u00e4der \u2013 n\u00e4r naturen vaknar till liv igen","datePublished":"2025-11-06T13:39:35+00:00","mainEntityOfPage":{"@id":"https:\/\/krabat.se\/arstider\/varen\/varvader-nar-naturen-vaknar-till-liv-igen\/"},"wordCount":923,"publisher":{"@id":"https:\/\/krabat.se\/#organization"},"image":{"@id":"https:\/\/krabat.se\/arstider\/varen\/varvader-nar-naturen-vaknar-till-liv-igen\/#primaryimage"},"thumbnailUrl":"https:\/\/krabat.se\/wp-content\/uploads\/2025\/11\/varvader.webp","keywords":["V\u00e5r"],"articleSection":["V\u00e5ren"],"inLanguage":"en-US"},{"@type":"WebPage","@id":"https:\/\/krabat.se\/arstider\/varen\/varvader-nar-naturen-vaknar-till-liv-igen\/","url":"https:\/\/krabat.se\/arstider\/varen\/varvader-nar-naturen-vaknar-till-liv-igen\/","name":"V\u00e5rv\u00e4der \u2013 n\u00e4r naturen vaknar till liv igen - Krabat","isPartOf":{"@id":"https:\/\/krabat.se\/#website"},"primaryImageOfPage":{"@id":"https:\/\/krabat.se\/arstider\/varen\/varvader-nar-naturen-vaknar-till-liv-igen\/#primaryimage"},"image":{"@id":"https:\/\/krabat.se\/arstider\/varen\/varvader-nar-naturen-vaknar-till-liv-igen\/#primaryimage"},"thumbnailUrl":"https:\/\/krabat.se\/wp-content\/uploads\/2025\/11\/varvader.webp","datePublished":"2025-11-06T13:39:35+00:00","description":"V\u00e5rv\u00e4der v\u00e4cker liv i naturen. L\u00e4r barnen om sol, regn och f\u00f6r\u00e4ndring genom lek, utflykter och uppt\u00e4ckter i v\u00e5rens v\u00e4xlande v\u00e4der.","breadcrumb":{"@id":"https:\/\/krabat.se\/arstider\/varen\/varvader-nar-naturen-vaknar-till-liv-igen\/#breadcrumb"},"inLanguage":"en-US","potentialAction":[{"@type":"ReadAction","target":["https:\/\/krabat.se\/arstider\/varen\/varvader-nar-naturen-vaknar-till-liv-igen\/"]}]},{"@type":"ImageObject","inLanguage":"en-US","@id":"https:\/\/krabat.se\/arstider\/varen\/varvader-nar-naturen-vaknar-till-liv-igen\/#primaryimage","url":"https:\/\/krabat.se\/wp-content\/uploads\/2025\/11\/varvader.webp","contentUrl":"https:\/\/krabat.se\/wp-content\/uploads\/2025\/11\/varvader.webp","width":1200,"height":800,"caption":"v\u00e5rv\u00e4der"},{"@type":"BreadcrumbList","@id":"https:\/\/krabat.se\/arstider\/varen\/varvader-nar-naturen-vaknar-till-liv-igen\/#breadcrumb","itemListElement":[{"@type":"ListItem","position":1,"name":"Hem","item":"https:\/\/krabat.se\/"},{"@type":"ListItem","position":2,"name":"V\u00e5rv\u00e4der \u2013 n\u00e4r naturen vaknar till liv igen"}]},{"@type":"WebSite","@id":"https:\/\/krabat.se\/#website","url":"https:\/\/krabat.se\/","name":"Krabat","description":"Krabat \u2013 d\u00e4r leken b\u00f6rjar och fantasin tar vid","publisher":{"@id":"https:\/\/krabat.se\/#organization"},"potentialAction":[{"@type":"SearchAction","target":{"@type":"EntryPoint","urlTemplate":"https:\/\/krabat.se\/?s={search_term_string}"},"query-input":{"@type":"PropertyValueSpecification","valueRequired":true,"valueName":"search_term_string"}}],"inLanguage":"en-US"},{"@type":"Organization","@id":"https:\/\/krabat.se\/#organization","name":"Krabat","url":"https:\/\/krabat.se\/","logo":{"@type":"ImageObject","inLanguage":"en-US","@id":"https:\/\/krabat.se\/#\/schema\/logo\/image\/","url":"https:\/\/krabat.se\/wp-content\/uploads\/2025\/09\/Krabat_logga_new-e1770977786364.webp","contentUrl":"https:\/\/krabat.se\/wp-content\/uploads\/2025\/09\/Krabat_logga_new-e1770977786364.webp","width":400,"height":102,"caption":"Krabat"},"image":{"@id":"https:\/\/krabat.se\/#\/schema\/logo\/image\/"}},{"@type":"Person","@id":"https:\/\/krabat.se\/#\/schema\/person\/547af2d9e3e649b0f7e6c6fceda9a211","name":"Annika Wigforss","image":{"@type":"ImageObject","inLanguage":"en-US","@id":"https:\/\/krabat.se\/#\/schema\/person\/image\/","url":"https:\/\/secure.gravatar.com\/avatar\/dfecc89c00cfde6df05b19b15ef88d131933de4296be438a3186e45c391481a0?s=96&d=monsterid&r=g","contentUrl":"https:\/\/secure.gravatar.com\/avatar\/dfecc89c00cfde6df05b19b15ef88d131933de4296be438a3186e45c391481a0?s=96&d=monsterid&r=g","caption":"Annika Wigforss"},"url":"https:\/\/krabat.se\/en\/author\/annika\/"}]}},"_links":{"self":[{"href":"https:\/\/krabat.se\/en\/wp-json\/wp\/v2\/posts\/1005","targetHints":{"allow":["GET"]}}],"collection":[{"href":"https:\/\/krabat.se\/en\/wp-json\/wp\/v2\/posts"}],"about":[{"href":"https:\/\/krabat.se\/en\/wp-json\/wp\/v2\/types\/post"}],"author":[{"embeddable":true,"href":"https:\/\/krabat.se\/en\/wp-json\/wp\/v2\/users\/3"}],"replies":[{"embeddable":true,"href":"https:\/\/krabat.se\/en\/wp-json\/wp\/v2\/comments?post=1005"}],"version-history":[{"count":1,"href":"https:\/\/krabat.se\/en\/wp-json\/wp\/v2\/posts\/1005\/revisions"}],"predecessor-version":[{"id":1007,"href":"https:\/\/krabat.se\/en\/wp-json\/wp\/v2\/posts\/1005\/revisions\/1007"}],"wp:featuredmedia":[{"embeddable":true,"href":"https:\/\/krabat.se\/en\/wp-json\/wp\/v2\/media\/1006"}],"wp:attachment":[{"href":"https:\/\/krabat.se\/en\/wp-json\/wp\/v2\/media?parent=1005"}],"wp:term":[{"taxonomy":"category","embeddable":true,"href":"https:\/\/krabat.se\/en\/wp-json\/wp\/v2\/categories?post=1005"},{"taxonomy":"post_tag","embeddable":true,"href":"https:\/\/krabat.se\/en\/wp-json\/wp\/v2\/tags?post=1005"}],"curies":[{"name":"wp","href":"https:\/\/api.w.org\/{rel}","templated":true}]}}